{"id":1878,"date":"2026-04-27T22:41:28","date_gmt":"2026-04-27T20:41:28","guid":{"rendered":"https:\/\/vela-transport.com\/?p=1878"},"modified":"2026-04-27T23:04:36","modified_gmt":"2026-04-27T21:04:36","slug":"%f0%9f%8e%99%ef%b8%8f-episode-2-de-lhorizon-des-gambier-a-lavenir-du-transport-maritime","status":"publish","type":"post","link":"https:\/\/vela-transport.com\/fr\/%f0%9f%8e%99%ef%b8%8f-episode-2-de-lhorizon-des-gambier-a-lavenir-du-transport-maritime\/","title":{"rendered":"\ud83c\udf99\ufe0f Episode 2 : De l&rsquo;horizon des Gambier \u00e0 l&rsquo;avenir du transport maritime"},"content":{"rendered":"\n<div style=\"height:46px\" aria-hidden=\"true\" class=\"wp-block-spacer\"><\/div>\n\n\n\n<figure class=\"wp-block-image aligncenter size-large is-resized\"><img decoding=\"async\" width=\"816\" height=\"1024\" src=\"https:\/\/vela-transport.com\/wp-content\/uploads\/2026\/04\/Capture-decran-2026-04-27-a-16.27.07-816x1024.png\" alt=\"\" class=\"wp-image-1881\" style=\"aspect-ratio:0.7968885531212401;width:424px;height:auto\" srcset=\"https:\/\/vela-transport.com\/wp-content\/uploads\/2026\/04\/Capture-decran-2026-04-27-a-16.27.07-816x1024.png 816w, https:\/\/vela-transport.com\/wp-content\/uploads\/2026\/04\/Capture-decran-2026-04-27-a-16.27.07-502x630.png 502w, https:\/\/vela-transport.com\/wp-content\/uploads\/2026\/04\/Capture-decran-2026-04-27-a-16.27.07-768x964.png 768w, https:\/\/vela-transport.com\/wp-content\/uploads\/2026\/04\/Capture-decran-2026-04-27-a-16.27.07.png 892w\" sizes=\"(max-width: 816px) 100vw, 816px\" \/><\/figure>\n\n\n\n<div style=\"height:31px\" aria-hidden=\"true\" class=\"wp-block-spacer\"><\/div>\n\n\n\n<p>Dans ce deuxi\u00e8me volet de sa s\u00e9rie de notes vocales, <strong>Fran\u00e7ois Gabart<\/strong> nous transporte aux <a href=\"https:\/\/fr.wikipedia.org\/wiki\/%C3%8Eles_Gambier\">\u00eeles Gambier<\/a>, en Polyn\u00e9sie fran\u00e7aise. Loin des routes commerciales ultra-fr\u00e9quent\u00e9es, il nous livre une r\u00e9flexion profonde sur notre lien \u00e0 l&rsquo;oc\u00e9an et la vuln\u00e9rabilit\u00e9 de nos \u00e9changes mondiaux.<\/p>\n\n\n\n<div style=\"height:43px\" aria-hidden=\"true\" class=\"wp-block-spacer\"><\/div>\n\n\n\n<div class=\"wp-block-media-text is-stacked-on-mobile\" style=\"grid-template-columns:33% auto\"><figure class=\"wp-block-media-text__media\"><img decoding=\"async\" width=\"1024\" height=\"683\" src=\"https:\/\/vela-transport.com\/wp-content\/uploads\/2026\/04\/IMG_2843-1024x683.jpg\" alt=\"\" class=\"wp-image-1897 size-full\" srcset=\"https:\/\/vela-transport.com\/wp-content\/uploads\/2026\/04\/IMG_2843-1024x683.jpg 1024w, https:\/\/vela-transport.com\/wp-content\/uploads\/2026\/04\/IMG_2843-630x420.jpg 630w, https:\/\/vela-transport.com\/wp-content\/uploads\/2026\/04\/IMG_2843-768x512.jpg 768w, https:\/\/vela-transport.com\/wp-content\/uploads\/2026\/04\/IMG_2843-1536x1024.jpg 1536w, https:\/\/vela-transport.com\/wp-content\/uploads\/2026\/04\/IMG_2843-2048x1365.jpg 2048w\" sizes=\"(max-width: 1024px) 100vw, 1024px\" \/><\/figure><div class=\"wp-block-media-text__content\">\n<h5 class=\"wp-block-heading\">La r\u00e9alit\u00e9 du Taporo : le visage de la d\u00e9pendance<\/h5>\n\n\n\n<p>Au c\u0153ur de cet archipel, la logistique n&rsquo;est pas un concept abstrait. Elle porte un nom : le <strong>Taporo<\/strong>. Ce navire est le point de contact unique entre les habitants et le reste du monde, acheminant les ressources essentielles \u00e0 la vie de l&rsquo;\u00eele. Aux Gambier, la d\u00e9pendance au transport maritime est palpable, imm\u00e9diate et accept\u00e9e comme une condition de l&rsquo;insularit\u00e9.<\/p>\n<\/div><\/div>\n\n\n\n<div style=\"height:45px\" aria-hidden=\"true\" class=\"wp-block-spacer\"><\/div>\n\n\n\n<div style=\"height:45px\" aria-hidden=\"true\" class=\"wp-block-spacer\"><\/div>\n\n\n\n<div class=\"wp-block-media-text has-media-on-the-right is-stacked-on-mobile\" style=\"grid-template-columns:auto 41%\"><div class=\"wp-block-media-text__content\">\n<h5 class=\"wp-block-heading\">Un parall\u00e8le avec nos \u00e9conomies modernes<\/h5>\n\n\n\n<p>\u00c0 travers cette escale, Fran\u00e7ois nous invite \u00e0 changer de perspective sur nos propres modes de consommation. Si en Europe ou aux \u00c9tats-Unis, les flux de marchandises semblent invisibles et illimit\u00e9s, ils reposent sur la m\u00eame m\u00e9canique que celle du Taporo. En soulignant ce contraste, Fran\u00e7ois nous rappelle que nous sommes tous, o\u00f9 que nous soyons, tributaires de la mer.<\/p>\n<\/div><figure class=\"wp-block-media-text__media\"><img decoding=\"async\" width=\"1024\" height=\"768\" src=\"https:\/\/vela-transport.com\/wp-content\/uploads\/2026\/04\/WhatsApp-Image-2026-04-16-at-19.41.55-1024x768.jpeg\" alt=\"\" class=\"wp-image-1888 size-full\" srcset=\"https:\/\/vela-transport.com\/wp-content\/uploads\/2026\/04\/WhatsApp-Image-2026-04-16-at-19.41.55-1024x768.jpeg 1024w, https:\/\/vela-transport.com\/wp-content\/uploads\/2026\/04\/WhatsApp-Image-2026-04-16-at-19.41.55-630x473.jpeg 630w, https:\/\/vela-transport.com\/wp-content\/uploads\/2026\/04\/WhatsApp-Image-2026-04-16-at-19.41.55-768x576.jpeg 768w, https:\/\/vela-transport.com\/wp-content\/uploads\/2026\/04\/WhatsApp-Image-2026-04-16-at-19.41.55-1536x1152.jpeg 1536w, https:\/\/vela-transport.com\/wp-content\/uploads\/2026\/04\/WhatsApp-Image-2026-04-16-at-19.41.55.jpeg 1600w\" sizes=\"(max-width: 1024px) 100vw, 1024px\" \/><\/figure><\/div>\n\n\n\n<div style=\"height:77px\" aria-hidden=\"true\" class=\"wp-block-spacer\"><\/div>\n\n\n\n<div class=\"wp-block-media-text is-stacked-on-mobile\" style=\"grid-template-columns:49% auto\"><figure class=\"wp-block-media-text__media\"><img decoding=\"async\" width=\"1024\" height=\"768\" src=\"https:\/\/vela-transport.com\/wp-content\/uploads\/2026\/04\/WhatsApp-Image-2026-04-16-at-19.41.53-1024x768.jpeg\" alt=\"\" class=\"wp-image-1890 size-full\" srcset=\"https:\/\/vela-transport.com\/wp-content\/uploads\/2026\/04\/WhatsApp-Image-2026-04-16-at-19.41.53-1024x768.jpeg 1024w, https:\/\/vela-transport.com\/wp-content\/uploads\/2026\/04\/WhatsApp-Image-2026-04-16-at-19.41.53-630x473.jpeg 630w, https:\/\/vela-transport.com\/wp-content\/uploads\/2026\/04\/WhatsApp-Image-2026-04-16-at-19.41.53-768x576.jpeg 768w, https:\/\/vela-transport.com\/wp-content\/uploads\/2026\/04\/WhatsApp-Image-2026-04-16-at-19.41.53.jpeg 1525w\" sizes=\"(max-width: 1024px) 100vw, 1024px\" \/><\/figure><div class=\"wp-block-media-text__content\">\n<h5 class=\"wp-block-heading\">Pourquoi VELA est une \u00e9vidence<\/h5>\n\n\n\n<p>Ce t\u00e9moignage depuis le bout du monde vient r\u00e9affirmer l&rsquo;urgence de la mission de <strong>VELA<\/strong>. Face \u00e0 cette d\u00e9pendance globale, la d\u00e9carbonation du transport de marchandises n&rsquo;est plus une option, mais une n\u00e9cessit\u00e9 pour la r\u00e9silience de nos soci\u00e9t\u00e9s.<\/p>\n\n\n\n<p>Fran\u00e7ois partage ici sa fiert\u00e9 de porter, avec toute l&rsquo;\u00e9quipe VELA, une solution de transport \u00e0 la voile moderne, capable de respecter les \u00e9cosyst\u00e8mes tout en assurant les \u00e9changes de demain.<\/p>\n<\/div><\/div>\n\n\n\n<div style=\"height:27px\" aria-hidden=\"true\" class=\"wp-block-spacer\"><\/div>\n\n\n\n<p class=\"has-vela-2-color has-text-color has-link-color has-playfair-font-family has-large-font-size wp-elements-b1694a24c876b4f931b5bf58a40c78c5\" style=\"font-style:normal;font-weight:600\"><strong><em>\ud83c\udf99\ufe0f Ecoutez la note vocale de Fran\u00e7ois : <\/em><\/strong><\/p>\n\n\n\n<figure class=\"wp-block-audio\"><audio controls src=\"https:\/\/vela-transport.com\/wp-content\/uploads\/2026\/04\/Taporo.mp3\"><\/audio><\/figure>\n\n\n\n<div style=\"height:31px\" aria-hidden=\"true\" class=\"wp-block-spacer\"><\/div>\n\n\n\n<div class=\"wp-block-group is-nowrap is-layout-flex wp-container-core-group-is-layout-ad2f72ca wp-block-group-is-layout-flex\">\n<figure class=\"wp-block-image size-large\"><img decoding=\"async\" width=\"1024\" height=\"768\" src=\"https:\/\/vela-transport.com\/wp-content\/uploads\/2026\/04\/WhatsApp-Image-2026-04-02-at-04.49.12-1024x768.jpeg\" alt=\"\" class=\"wp-image-1905\" srcset=\"https:\/\/vela-transport.com\/wp-content\/uploads\/2026\/04\/WhatsApp-Image-2026-04-02-at-04.49.12-1024x768.jpeg 1024w, https:\/\/vela-transport.com\/wp-content\/uploads\/2026\/04\/WhatsApp-Image-2026-04-02-at-04.49.12-630x473.jpeg 630w, https:\/\/vela-transport.com\/wp-content\/uploads\/2026\/04\/WhatsApp-Image-2026-04-02-at-04.49.12-768x576.jpeg 768w, https:\/\/vela-transport.com\/wp-content\/uploads\/2026\/04\/WhatsApp-Image-2026-04-02-at-04.49.12-1536x1152.jpeg 1536w, https:\/\/vela-transport.com\/wp-content\/uploads\/2026\/04\/WhatsApp-Image-2026-04-02-at-04.49.12-2048x1536.jpeg 2048w\" sizes=\"(max-width: 1024px) 100vw, 1024px\" \/><\/figure>\n\n\n\n<figure class=\"wp-block-image size-large\"><img decoding=\"async\" width=\"1024\" height=\"576\" src=\"https:\/\/vela-transport.com\/wp-content\/uploads\/2026\/04\/DJI_20260412222431_0052_D-1024x576.jpg\" alt=\"\" class=\"wp-image-1885\" srcset=\"https:\/\/vela-transport.com\/wp-content\/uploads\/2026\/04\/DJI_20260412222431_0052_D-1024x576.jpg 1024w, https:\/\/vela-transport.com\/wp-content\/uploads\/2026\/04\/DJI_20260412222431_0052_D-630x354.jpg 630w, https:\/\/vela-transport.com\/wp-content\/uploads\/2026\/04\/DJI_20260412222431_0052_D-768x432.jpg 768w, https:\/\/vela-transport.com\/wp-content\/uploads\/2026\/04\/DJI_20260412222431_0052_D-1536x864.jpg 1536w, https:\/\/vela-transport.com\/wp-content\/uploads\/2026\/04\/DJI_20260412222431_0052_D-2048x1152.jpg 2048w\" sizes=\"(max-width: 1024px) 100vw, 1024px\" \/><\/figure>\n<\/div>\n\n\n\n<div style=\"height:26px\" aria-hidden=\"true\" class=\"wp-block-spacer\"><\/div>\n\n\n\n<figure class=\"wp-block-image aligncenter size-full is-resized\"><img decoding=\"async\" width=\"444\" height=\"266\" src=\"https:\/\/vela-transport.com\/wp-content\/uploads\/2025\/03\/LOGO_VELA_STROKE.png\" alt=\"\" class=\"wp-image-452\" style=\"width:167px;height:auto\"\/><\/figure>\n\n\n\n<p><\/p>\n","protected":false},"excerpt":{"rendered":"<p>Dans ce deuxi\u00e8me volet de sa s\u00e9rie de notes vocales, Fran\u00e7ois Gabart nous transporte aux \u00eeles Gambier, en Polyn\u00e9sie fran\u00e7aise. [&hellip;]<\/p>\n","protected":false},"author":2,"featured_media":1881,"comment_status":"open","ping_status":"open","sticky":false,"template":"single-article.php","format":"standard","meta":{"_acf_changed":false,"footnotes":""},"categories":[8],"tags":[],"class_list":["post-1878","post","type-post","status-publish","format-standard","has-post-thumbnail","hentry","category-actus"],"acf":[],"yoast_head":"<!-- This site is optimized with the Yoast SEO plugin v26.4 - https:\/\/yoast.com\/wordpress\/plugins\/seo\/ -->\n<title>\ud83c\udf99\ufe0f Episode 2 : De l&#039;horizon des Gambier \u00e0 l&#039;avenir du transport maritime - VELA<\/title>\n<meta name=\"robots\" content=\"index, follow, max-snippet:-1, max-image-preview:large, max-video-preview:-1\" \/>\n<link rel=\"canonical\" href=\"https:\/\/vela-transport.com\/fr\/%f0%9f%8e%99%ef%b8%8f-episode-2-de-lhorizon-des-gambier-a-lavenir-du-transport-maritime\/\" \/>\n<meta property=\"og:locale\" content=\"fr_FR\" \/>\n<meta property=\"og:type\" content=\"article\" \/>\n<meta property=\"og:title\" content=\"\ud83c\udf99\ufe0f Episode 2 : De l&#039;horizon des Gambier \u00e0 l&#039;avenir du transport maritime - VELA\" \/>\n<meta property=\"og:description\" content=\"Dans ce deuxi\u00e8me volet de sa s\u00e9rie de notes vocales, Fran\u00e7ois Gabart nous transporte aux \u00eeles Gambier, en Polyn\u00e9sie fran\u00e7aise. [&hellip;]\" \/>\n<meta property=\"og:url\" content=\"https:\/\/vela-transport.com\/fr\/%f0%9f%8e%99%ef%b8%8f-episode-2-de-lhorizon-des-gambier-a-lavenir-du-transport-maritime\/\" \/>\n<meta property=\"og:site_name\" content=\"VELA\" \/>\n<meta property=\"article:published_time\" content=\"2026-04-27T20:41:28+00:00\" \/>\n<meta property=\"article:modified_time\" content=\"2026-04-27T21:04:36+00:00\" \/>\n<meta property=\"og:image\" content=\"https:\/\/vela-transport.com\/wp-content\/uploads\/2026\/04\/Capture-decran-2026-04-27-a-16.27.07.png\" \/>\n\t<meta property=\"og:image:width\" content=\"892\" \/>\n\t<meta property=\"og:image:height\" content=\"1120\" \/>\n\t<meta property=\"og:image:type\" content=\"image\/png\" \/>\n<meta name=\"author\" content=\"Pierre-Arnaud Vallon\" \/>\n<meta name=\"twitter:card\" content=\"summary_large_image\" \/>\n<meta name=\"twitter:label1\" content=\"\u00c9crit par\" \/>\n\t<meta name=\"twitter:data1\" content=\"Pierre-Arnaud Vallon\" \/>\n\t<meta name=\"twitter:label2\" content=\"Dur\u00e9e de lecture estim\u00e9e\" \/>\n\t<meta name=\"twitter:data2\" content=\"3 minutes\" \/>\n<script type=\"application\/ld+json\" class=\"yoast-schema-graph\">{\"@context\":\"https:\/\/schema.org\",\"@graph\":[{\"@type\":\"WebPage\",\"@id\":\"https:\/\/vela-transport.com\/fr\/%f0%9f%8e%99%ef%b8%8f-episode-2-de-lhorizon-des-gambier-a-lavenir-du-transport-maritime\/\",\"url\":\"https:\/\/vela-transport.com\/fr\/%f0%9f%8e%99%ef%b8%8f-episode-2-de-lhorizon-des-gambier-a-lavenir-du-transport-maritime\/\",\"name\":\"\ud83c\udf99\ufe0f Episode 2 : De l'horizon des Gambier \u00e0 l'avenir du transport maritime - VELA\",\"isPartOf\":{\"@id\":\"https:\/\/vela-transport.com\/fr\/#website\"},\"primaryImageOfPage\":{\"@id\":\"https:\/\/vela-transport.com\/fr\/%f0%9f%8e%99%ef%b8%8f-episode-2-de-lhorizon-des-gambier-a-lavenir-du-transport-maritime\/#primaryimage\"},\"image\":{\"@id\":\"https:\/\/vela-transport.com\/fr\/%f0%9f%8e%99%ef%b8%8f-episode-2-de-lhorizon-des-gambier-a-lavenir-du-transport-maritime\/#primaryimage\"},\"thumbnailUrl\":\"https:\/\/vela-transport.com\/wp-content\/uploads\/2026\/04\/Capture-decran-2026-04-27-a-16.27.07.png\",\"datePublished\":\"2026-04-27T20:41:28+00:00\",\"dateModified\":\"2026-04-27T21:04:36+00:00\",\"author\":{\"@id\":\"https:\/\/vela-transport.com\/fr\/#\/schema\/person\/cdfd44325fe766e1ec7ece2921519df3\"},\"breadcrumb\":{\"@id\":\"https:\/\/vela-transport.com\/fr\/%f0%9f%8e%99%ef%b8%8f-episode-2-de-lhorizon-des-gambier-a-lavenir-du-transport-maritime\/#breadcrumb\"},\"inLanguage\":\"fr-FR\",\"potentialAction\":[{\"@type\":\"ReadAction\",\"target\":[\"https:\/\/vela-transport.com\/fr\/%f0%9f%8e%99%ef%b8%8f-episode-2-de-lhorizon-des-gambier-a-lavenir-du-transport-maritime\/\"]}]},{\"@type\":\"ImageObject\",\"inLanguage\":\"fr-FR\",\"@id\":\"https:\/\/vela-transport.com\/fr\/%f0%9f%8e%99%ef%b8%8f-episode-2-de-lhorizon-des-gambier-a-lavenir-du-transport-maritime\/#primaryimage\",\"url\":\"https:\/\/vela-transport.com\/wp-content\/uploads\/2026\/04\/Capture-decran-2026-04-27-a-16.27.07.png\",\"contentUrl\":\"https:\/\/vela-transport.com\/wp-content\/uploads\/2026\/04\/Capture-decran-2026-04-27-a-16.27.07.png\",\"width\":892,\"height\":1120},{\"@type\":\"BreadcrumbList\",\"@id\":\"https:\/\/vela-transport.com\/fr\/%f0%9f%8e%99%ef%b8%8f-episode-2-de-lhorizon-des-gambier-a-lavenir-du-transport-maritime\/#breadcrumb\",\"itemListElement\":[{\"@type\":\"ListItem\",\"position\":1,\"name\":\"Accueil\",\"item\":\"https:\/\/vela-transport.com\/fr\/\"},{\"@type\":\"ListItem\",\"position\":2,\"name\":\"\ud83c\udf99\ufe0f Episode 2 : De l&rsquo;horizon des Gambier \u00e0 l&rsquo;avenir du transport maritime\"}]},{\"@type\":\"WebSite\",\"@id\":\"https:\/\/vela-transport.com\/fr\/#website\",\"url\":\"https:\/\/vela-transport.com\/fr\/\",\"name\":\"VELA\",\"description\":\"L\u2019avion des mers\",\"potentialAction\":[{\"@type\":\"SearchAction\",\"target\":{\"@type\":\"EntryPoint\",\"urlTemplate\":\"https:\/\/vela-transport.com\/fr\/?s={search_term_string}\"},\"query-input\":{\"@type\":\"PropertyValueSpecification\",\"valueRequired\":true,\"valueName\":\"search_term_string\"}}],\"inLanguage\":\"fr-FR\"},{\"@type\":\"Person\",\"@id\":\"https:\/\/vela-transport.com\/fr\/#\/schema\/person\/cdfd44325fe766e1ec7ece2921519df3\",\"name\":\"Pierre-Arnaud Vallon\",\"image\":{\"@type\":\"ImageObject\",\"inLanguage\":\"fr-FR\",\"@id\":\"https:\/\/vela-transport.com\/fr\/#\/schema\/person\/image\/\",\"url\":\"https:\/\/secure.gravatar.com\/avatar\/2d2649b6b9b3b0e3b8887499a13c7fe136f4e6725ad3b79aac83065df8eee662?s=96&d=mm&r=g\",\"contentUrl\":\"https:\/\/secure.gravatar.com\/avatar\/2d2649b6b9b3b0e3b8887499a13c7fe136f4e6725ad3b79aac83065df8eee662?s=96&d=mm&r=g\",\"caption\":\"Pierre-Arnaud Vallon\"},\"url\":\"https:\/\/vela-transport.com\/fr\/author\/pierrearnaudvallon\/\"}]}<\/script>\n<!-- \/ Yoast SEO plugin. -->","yoast_head_json":{"title":"\ud83c\udf99\ufe0f Episode 2 : De l'horizon des Gambier \u00e0 l'avenir du transport maritime - VELA","robots":{"index":"index","follow":"follow","max-snippet":"max-snippet:-1","max-image-preview":"max-image-preview:large","max-video-preview":"max-video-preview:-1"},"canonical":"https:\/\/vela-transport.com\/fr\/%f0%9f%8e%99%ef%b8%8f-episode-2-de-lhorizon-des-gambier-a-lavenir-du-transport-maritime\/","og_locale":"fr_FR","og_type":"article","og_title":"\ud83c\udf99\ufe0f Episode 2 : De l'horizon des Gambier \u00e0 l'avenir du transport maritime - VELA","og_description":"Dans ce deuxi\u00e8me volet de sa s\u00e9rie de notes vocales, Fran\u00e7ois Gabart nous transporte aux \u00eeles Gambier, en Polyn\u00e9sie fran\u00e7aise. [&hellip;]","og_url":"https:\/\/vela-transport.com\/fr\/%f0%9f%8e%99%ef%b8%8f-episode-2-de-lhorizon-des-gambier-a-lavenir-du-transport-maritime\/","og_site_name":"VELA","article_published_time":"2026-04-27T20:41:28+00:00","article_modified_time":"2026-04-27T21:04:36+00:00","og_image":[{"width":892,"height":1120,"url":"https:\/\/vela-transport.com\/wp-content\/uploads\/2026\/04\/Capture-decran-2026-04-27-a-16.27.07.png","type":"image\/png"}],"author":"Pierre-Arnaud Vallon","twitter_card":"summary_large_image","twitter_misc":{"\u00c9crit par":"Pierre-Arnaud Vallon","Dur\u00e9e de lecture estim\u00e9e":"3 minutes"},"schema":{"@context":"https:\/\/schema.org","@graph":[{"@type":"WebPage","@id":"https:\/\/vela-transport.com\/fr\/%f0%9f%8e%99%ef%b8%8f-episode-2-de-lhorizon-des-gambier-a-lavenir-du-transport-maritime\/","url":"https:\/\/vela-transport.com\/fr\/%f0%9f%8e%99%ef%b8%8f-episode-2-de-lhorizon-des-gambier-a-lavenir-du-transport-maritime\/","name":"\ud83c\udf99\ufe0f Episode 2 : De l'horizon des Gambier \u00e0 l'avenir du transport maritime - VELA","isPartOf":{"@id":"https:\/\/vela-transport.com\/fr\/#website"},"primaryImageOfPage":{"@id":"https:\/\/vela-transport.com\/fr\/%f0%9f%8e%99%ef%b8%8f-episode-2-de-lhorizon-des-gambier-a-lavenir-du-transport-maritime\/#primaryimage"},"image":{"@id":"https:\/\/vela-transport.com\/fr\/%f0%9f%8e%99%ef%b8%8f-episode-2-de-lhorizon-des-gambier-a-lavenir-du-transport-maritime\/#primaryimage"},"thumbnailUrl":"https:\/\/vela-transport.com\/wp-content\/uploads\/2026\/04\/Capture-decran-2026-04-27-a-16.27.07.png","datePublished":"2026-04-27T20:41:28+00:00","dateModified":"2026-04-27T21:04:36+00:00","author":{"@id":"https:\/\/vela-transport.com\/fr\/#\/schema\/person\/cdfd44325fe766e1ec7ece2921519df3"},"breadcrumb":{"@id":"https:\/\/vela-transport.com\/fr\/%f0%9f%8e%99%ef%b8%8f-episode-2-de-lhorizon-des-gambier-a-lavenir-du-transport-maritime\/#breadcrumb"},"inLanguage":"fr-FR","potentialAction":[{"@type":"ReadAction","target":["https:\/\/vela-transport.com\/fr\/%f0%9f%8e%99%ef%b8%8f-episode-2-de-lhorizon-des-gambier-a-lavenir-du-transport-maritime\/"]}]},{"@type":"ImageObject","inLanguage":"fr-FR","@id":"https:\/\/vela-transport.com\/fr\/%f0%9f%8e%99%ef%b8%8f-episode-2-de-lhorizon-des-gambier-a-lavenir-du-transport-maritime\/#primaryimage","url":"https:\/\/vela-transport.com\/wp-content\/uploads\/2026\/04\/Capture-decran-2026-04-27-a-16.27.07.png","contentUrl":"https:\/\/vela-transport.com\/wp-content\/uploads\/2026\/04\/Capture-decran-2026-04-27-a-16.27.07.png","width":892,"height":1120},{"@type":"BreadcrumbList","@id":"https:\/\/vela-transport.com\/fr\/%f0%9f%8e%99%ef%b8%8f-episode-2-de-lhorizon-des-gambier-a-lavenir-du-transport-maritime\/#breadcrumb","itemListElement":[{"@type":"ListItem","position":1,"name":"Accueil","item":"https:\/\/vela-transport.com\/fr\/"},{"@type":"ListItem","position":2,"name":"\ud83c\udf99\ufe0f Episode 2 : De l&rsquo;horizon des Gambier \u00e0 l&rsquo;avenir du transport maritime"}]},{"@type":"WebSite","@id":"https:\/\/vela-transport.com\/fr\/#website","url":"https:\/\/vela-transport.com\/fr\/","name":"VELA","description":"L\u2019avion des mers","potentialAction":[{"@type":"SearchAction","target":{"@type":"EntryPoint","urlTemplate":"https:\/\/vela-transport.com\/fr\/?s={search_term_string}"},"query-input":{"@type":"PropertyValueSpecification","valueRequired":true,"valueName":"search_term_string"}}],"inLanguage":"fr-FR"},{"@type":"Person","@id":"https:\/\/vela-transport.com\/fr\/#\/schema\/person\/cdfd44325fe766e1ec7ece2921519df3","name":"Pierre-Arnaud Vallon","image":{"@type":"ImageObject","inLanguage":"fr-FR","@id":"https:\/\/vela-transport.com\/fr\/#\/schema\/person\/image\/","url":"https:\/\/secure.gravatar.com\/avatar\/2d2649b6b9b3b0e3b8887499a13c7fe136f4e6725ad3b79aac83065df8eee662?s=96&d=mm&r=g","contentUrl":"https:\/\/secure.gravatar.com\/avatar\/2d2649b6b9b3b0e3b8887499a13c7fe136f4e6725ad3b79aac83065df8eee662?s=96&d=mm&r=g","caption":"Pierre-Arnaud Vallon"},"url":"https:\/\/vela-transport.com\/fr\/author\/pierrearnaudvallon\/"}]}},"_links":{"self":[{"href":"https:\/\/vela-transport.com\/fr\/wp-json\/wp\/v2\/posts\/1878","targetHints":{"allow":["GET"]}}],"collection":[{"href":"https:\/\/vela-transport.com\/fr\/wp-json\/wp\/v2\/posts"}],"about":[{"href":"https:\/\/vela-transport.com\/fr\/wp-json\/wp\/v2\/types\/post"}],"author":[{"embeddable":true,"href":"https:\/\/vela-transport.com\/fr\/wp-json\/wp\/v2\/users\/2"}],"replies":[{"embeddable":true,"href":"https:\/\/vela-transport.com\/fr\/wp-json\/wp\/v2\/comments?post=1878"}],"version-history":[{"count":6,"href":"https:\/\/vela-transport.com\/fr\/wp-json\/wp\/v2\/posts\/1878\/revisions"}],"predecessor-version":[{"id":1908,"href":"https:\/\/vela-transport.com\/fr\/wp-json\/wp\/v2\/posts\/1878\/revisions\/1908"}],"wp:featuredmedia":[{"embeddable":true,"href":"https:\/\/vela-transport.com\/fr\/wp-json\/wp\/v2\/media\/1881"}],"wp:attachment":[{"href":"https:\/\/vela-transport.com\/fr\/wp-json\/wp\/v2\/media?parent=1878"}],"wp:term":[{"taxonomy":"category","embeddable":true,"href":"https:\/\/vela-transport.com\/fr\/wp-json\/wp\/v2\/categories?post=1878"},{"taxonomy":"post_tag","embeddable":true,"href":"https:\/\/vela-transport.com\/fr\/wp-json\/wp\/v2\/tags?post=1878"}],"curies":[{"name":"wp","href":"https:\/\/api.w.org\/{rel}","templated":true}]}}